{"id":2748461,"date":"2021-08-23T13:47:13","date_gmt":"2021-08-23T11:47:13","guid":{"rendered":"https:\/\/tc-kirchheim-schwaben.de\/?p=2748461"},"modified":"2021-08-23T13:47:13","modified_gmt":"2021-08-23T11:47:13","slug":"begruessung-der-neumitglieder-2021","status":"publish","type":"post","link":"https:\/\/tc-kirchheim-schwaben.de\/?p=2748461","title":{"rendered":"Begr\u00fc\u00dfung der Neumitglieder 2021"},"content":{"rendered":"\n<p>Wir m\u00f6chten dieses Jahr recht herzlich unsere zw\u00f6lf Neumitglieder beim TC Kirchheim Schwaben begr\u00fc\u00dfen.<br>Drei Erwachsene und neun Kinder haben bereits im Jahr 2021 den Weg zu uns und in den Tennissport gefunden.<br><\/p>\n\n\n\n<p><strong>Herzlich begr\u00fc\u00dfen m\u00f6chten wir:<\/strong><br>Markus Schmid<br>Romy Holzheu<br>Stefanie Lange<br>Elia Golsner<br>Miriam Isabel Lattke<br>Barnabas Csepregi-Maszarik<br>Nayla Stankovic<br>Jakob Haugg<br>Katharina Haugg<br>Alina Neli<br>Maya Ogir<\/p>\n\n\n\n<p>Wir w\u00fcnschen unseren Neumitgliedern viel Spass bei und mit uns im und eine sch\u00f6ne Zeit!<\/p>\n","protected":false},"excerpt":{"rendered":"<p>Wir m\u00f6chten dieses Jahr recht herzlich unsere zw\u00f6lf Neumitglieder beim TC Kirchheim Schwaben begr\u00fc\u00dfen.Drei Erwachsene und neun Kinder haben bereits im Jahr 2021 den Weg zu uns und in den Tennissport gefunden. Herzlich begr\u00fc\u00dfen m\u00f6chten wir:Markus SchmidRomy HolzheuStefanie LangeElia GolsnerMiriam&#8230;<br \/><a class=\"read-more-button\" href=\"https:\/\/tc-kirchheim-schwaben.de\/?p=2748461\">Read more<\/a><\/p>\n","protected":false},"author":1,"featured_media":0,"comment_status":"closed","ping_status":"closed","sticky":false,"template":"","format":"standard","meta":{"footnotes":""},"categories":[4],"tags":[],"class_list":["post-2748461","post","type-post","status-publish","format-standard","hentry","category-news"],"_links":{"self":[{"href":"https:\/\/tc-kirchheim-schwaben.de\/index.php?rest_route=\/wp\/v2\/posts\/2748461","targetHints":{"allow":["GET"]}}],"collection":[{"href":"https:\/\/tc-kirchheim-schwaben.de\/index.php?rest_route=\/wp\/v2\/posts"}],"about":[{"href":"https:\/\/tc-kirchheim-schwaben.de\/index.php?rest_route=\/wp\/v2\/types\/post"}],"author":[{"embeddable":true,"href":"https:\/\/tc-kirchheim-schwaben.de\/index.php?rest_route=\/wp\/v2\/users\/1"}],"replies":[{"embeddable":true,"href":"https:\/\/tc-kirchheim-schwaben.de\/index.php?rest_route=%2Fwp%2Fv2%2Fcomments&post=2748461"}],"version-history":[{"count":1,"href":"https:\/\/tc-kirchheim-schwaben.de\/index.php?rest_route=\/wp\/v2\/posts\/2748461\/revisions"}],"predecessor-version":[{"id":2748462,"href":"https:\/\/tc-kirchheim-schwaben.de\/index.php?rest_route=\/wp\/v2\/posts\/2748461\/revisions\/2748462"}],"wp:attachment":[{"href":"https:\/\/tc-kirchheim-schwaben.de\/index.php?rest_route=%2Fwp%2Fv2%2Fmedia&parent=2748461"}],"wp:term":[{"taxonomy":"category","embeddable":true,"href":"https:\/\/tc-kirchheim-schwaben.de\/index.php?rest_route=%2Fwp%2Fv2%2Fcategories&post=2748461"},{"taxonomy":"post_tag","embeddable":true,"href":"https:\/\/tc-kirchheim-schwaben.de\/index.php?rest_route=%2Fwp%2Fv2%2Ftags&post=2748461"}],"curies":[{"name":"wp","href":"https:\/\/api.w.org\/{rel}","templated":true}]}}