{"id":2748502,"date":"2021-10-25T16:30:44","date_gmt":"2021-10-25T14:30:44","guid":{"rendered":"https:\/\/tc-kirchheim-schwaben.de\/?p=2748502"},"modified":"2021-10-25T16:30:44","modified_gmt":"2021-10-25T14:30:44","slug":"die-saison-neigt-sich-dem-ende","status":"publish","type":"post","link":"https:\/\/tc-kirchheim-schwaben.de\/?p=2748502","title":{"rendered":"Die Saison neigt sich dem Ende&#8230;"},"content":{"rendered":"\n<p>Die Temperaturen sinken von Tag zu Tag, immerhin l\u00e4sst sich derzeit die Sonne sehr oft blicken, sodass wir uns immer noch auf der Anlage f\u00fcr ein paar Trainings und Matches treffen konnten.<\/p>\n\n\n\n<p>Am kommenden Samstag, den 30.10.2021 werden die Pl\u00e4tze und die Anlage winterfest gemacht, bis dahin habt ihr noch die M\u00f6glichkeit zu spielen. Das Platzbuchungssystem wird danach deaktiviert, bis dann im Fr\u00fchling 2022 die Pl\u00e4tze wieder reaktiviert werden.<\/p>\n\n\n\n<p>Bezogen auf die Punktrunde k\u00f6nnen wir dieses Jahr auf ein \u00fcberraschendes, sehr erfolgreiches Jahr zur\u00fcckblicken und hoffen nat\u00fcrlich, dass wir n\u00e4chstes Jahr wieder mit allen Mannschaften am Wettspielbetrieb teilnehmen werden.<\/p>\n\n\n\n<p>Anbei noch der Zeitungsartikel \u00fcber die Wettkampfrunde 2021:<\/p>\n\n\n\n<figure class=\"wp-block-image size-full is-resized\"><a href=\"https:\/\/tc-kirchheim-schwaben.de\/wp-content\/uploads\/2021\/10\/051336a5-7b3d-4b1a-b363-5906a20cfef5-1.jpg\"><img loading=\"lazy\" decoding=\"async\" src=\"https:\/\/tc-kirchheim-schwaben.de\/wp-content\/uploads\/2021\/10\/051336a5-7b3d-4b1a-b363-5906a20cfef5-1.jpg\" alt=\"\" class=\"wp-image-2748504\" width=\"827\" height=\"618\" srcset=\"https:\/\/tc-kirchheim-schwaben.de\/wp-content\/uploads\/2021\/10\/051336a5-7b3d-4b1a-b363-5906a20cfef5-1.jpg 682w, https:\/\/tc-kirchheim-schwaben.de\/wp-content\/uploads\/2021\/10\/051336a5-7b3d-4b1a-b363-5906a20cfef5-1-300x224.jpg 300w\" sizes=\"auto, (max-width: 827px) 100vw, 827px\" \/><\/a><\/figure>\n\n\n\n<hr class=\"wp-block-separator\"\/>\n\n\n\n<p><strong>An dieser Stelle m\u00f6chten wir noch Herrn Franz Josef Pschierer einen gro\u00dfes Dankesch\u00f6n aussprechen, der uns bei den Jugend-Schleifchenturnieren dieses Jahr bei den Preisen und der Verpflegung unterst\u00fctzt hat!<\/strong><\/p>\n","protected":false},"excerpt":{"rendered":"<p>Die Temperaturen sinken von Tag zu Tag, immerhin l\u00e4sst sich derzeit die Sonne sehr oft blicken, sodass wir uns immer noch auf der Anlage f\u00fcr ein paar Trainings und Matches treffen konnten. Am kommenden Samstag, den 30.10.2021 werden die Pl\u00e4tze&#8230;<br \/><a class=\"read-more-button\" href=\"https:\/\/tc-kirchheim-schwaben.de\/?p=2748502\">Read more<\/a><\/p>\n","protected":false},"author":1,"featured_media":0,"comment_status":"closed","ping_status":"closed","sticky":false,"template":"","format":"standard","meta":{"footnotes":""},"categories":[4],"tags":[],"class_list":["post-2748502","post","type-post","status-publish","format-standard","hentry","category-news"],"_links":{"self":[{"href":"https:\/\/tc-kirchheim-schwaben.de\/index.php?rest_route=\/wp\/v2\/posts\/2748502","targetHints":{"allow":["GET"]}}],"collection":[{"href":"https:\/\/tc-kirchheim-schwaben.de\/index.php?rest_route=\/wp\/v2\/posts"}],"about":[{"href":"https:\/\/tc-kirchheim-schwaben.de\/index.php?rest_route=\/wp\/v2\/types\/post"}],"author":[{"embeddable":true,"href":"https:\/\/tc-kirchheim-schwaben.de\/index.php?rest_route=\/wp\/v2\/users\/1"}],"replies":[{"embeddable":true,"href":"https:\/\/tc-kirchheim-schwaben.de\/index.php?rest_route=%2Fwp%2Fv2%2Fcomments&post=2748502"}],"version-history":[{"count":1,"href":"https:\/\/tc-kirchheim-schwaben.de\/index.php?rest_route=\/wp\/v2\/posts\/2748502\/revisions"}],"predecessor-version":[{"id":2748505,"href":"https:\/\/tc-kirchheim-schwaben.de\/index.php?rest_route=\/wp\/v2\/posts\/2748502\/revisions\/2748505"}],"wp:attachment":[{"href":"https:\/\/tc-kirchheim-schwaben.de\/index.php?rest_route=%2Fwp%2Fv2%2Fmedia&parent=2748502"}],"wp:term":[{"taxonomy":"category","embeddable":true,"href":"https:\/\/tc-kirchheim-schwaben.de\/index.php?rest_route=%2Fwp%2Fv2%2Fcategories&post=2748502"},{"taxonomy":"post_tag","embeddable":true,"href":"https:\/\/tc-kirchheim-schwaben.de\/index.php?rest_route=%2Fwp%2Fv2%2Ftags&post=2748502"}],"curies":[{"name":"wp","href":"https:\/\/api.w.org\/{rel}","templated":true}]}}