{"id":2749156,"date":"2023-04-24T06:40:06","date_gmt":"2023-04-24T04:40:06","guid":{"rendered":"https:\/\/tc-kirchheim-schwaben.de\/?p=2749156"},"modified":"2023-04-24T06:40:10","modified_gmt":"2023-04-24T04:40:10","slug":"platzeroeffnung-und-schnuppertraining","status":"publish","type":"post","link":"https:\/\/tc-kirchheim-schwaben.de\/?p=2749156","title":{"rendered":"Platzer\u00f6ffnung und Schnuppertraining"},"content":{"rendered":"\n<p>Noch vor der Platzer\u00f6ffnung hat der TC Kirchheim den diesj\u00e4hrigen Schnuppertag durchgef\u00fchrt.<br>16 Kinder und sieben Erwachsene haben erfolgreich am Schnuppertag des TCK teilgenommen.<br>Ein Dank geht hier an Selina M\u00f6\u00dfnang und Tamara Kordick, die das Schnuppertraining mit Stefan Gutser durchgef\u00fchrt haben.<\/p>\n\n\n\n<figure class=\"wp-block-image size-large\"><a href=\"https:\/\/tc-kirchheim-schwaben.de\/wp-content\/uploads\/2023\/04\/WhatsApp-Image-2023-04-14-at-18.39.22.jpeg\"><img loading=\"lazy\" decoding=\"async\" width=\"1024\" height=\"498\" src=\"https:\/\/tc-kirchheim-schwaben.de\/wp-content\/uploads\/2023\/04\/WhatsApp-Image-2023-04-14-at-18.39.22-1024x498.jpeg\" alt=\"\" class=\"wp-image-2749157\" srcset=\"https:\/\/tc-kirchheim-schwaben.de\/wp-content\/uploads\/2023\/04\/WhatsApp-Image-2023-04-14-at-18.39.22-1024x498.jpeg 1024w, https:\/\/tc-kirchheim-schwaben.de\/wp-content\/uploads\/2023\/04\/WhatsApp-Image-2023-04-14-at-18.39.22-300x146.jpeg 300w, https:\/\/tc-kirchheim-schwaben.de\/wp-content\/uploads\/2023\/04\/WhatsApp-Image-2023-04-14-at-18.39.22-768x373.jpeg 768w, https:\/\/tc-kirchheim-schwaben.de\/wp-content\/uploads\/2023\/04\/WhatsApp-Image-2023-04-14-at-18.39.22-1536x747.jpeg 1536w, https:\/\/tc-kirchheim-schwaben.de\/wp-content\/uploads\/2023\/04\/WhatsApp-Image-2023-04-14-at-18.39.22-128x62.jpeg 128w, https:\/\/tc-kirchheim-schwaben.de\/wp-content\/uploads\/2023\/04\/WhatsApp-Image-2023-04-14-at-18.39.22-32x16.jpeg 32w, https:\/\/tc-kirchheim-schwaben.de\/wp-content\/uploads\/2023\/04\/WhatsApp-Image-2023-04-14-at-18.39.22-1170x569.jpeg 1170w, https:\/\/tc-kirchheim-schwaben.de\/wp-content\/uploads\/2023\/04\/WhatsApp-Image-2023-04-14-at-18.39.22.jpeg 2016w\" sizes=\"auto, (max-width: 1024px) 100vw, 1024px\" \/><\/a><\/figure>\n\n\n\n<p>Seit Freitag, dem 23.April 2023 sind alle drei Pl\u00e4tze auf unserer Anlage er\u00f6ffnet. Die Platzwarte bitten darum, die Pl\u00e4tze sauber bis zum Rand abzuziehen und bei entstandenen L\u00f6chern, etc. diese direkt wieder aufzuf\u00fcllen. Die Vorstandschaft bedankt sich bei allen flei\u00dfigen Helfern, die in den letzten Wochen f\u00fcr die Inbetriebnahme der Tennispl\u00e4tze gesorgt haben!<\/p>\n","protected":false},"excerpt":{"rendered":"<p>Noch vor der Platzer\u00f6ffnung hat der TC Kirchheim den diesj\u00e4hrigen Schnuppertag durchgef\u00fchrt.16 Kinder und sieben Erwachsene haben erfolgreich am Schnuppertag des TCK teilgenommen.Ein Dank geht hier an Selina M\u00f6\u00dfnang und Tamara Kordick, die das Schnuppertraining mit Stefan Gutser durchgef\u00fchrt haben&#8230;.<br \/><a class=\"read-more-button\" href=\"https:\/\/tc-kirchheim-schwaben.de\/?p=2749156\">Read more<\/a><\/p>\n","protected":false},"author":1,"featured_media":0,"comment_status":"closed","ping_status":"closed","sticky":false,"template":"","format":"standard","meta":{"footnotes":""},"categories":[1],"tags":[],"class_list":["post-2749156","post","type-post","status-publish","format-standard","hentry","category-uncategorized"],"_links":{"self":[{"href":"https:\/\/tc-kirchheim-schwaben.de\/index.php?rest_route=\/wp\/v2\/posts\/2749156","targetHints":{"allow":["GET"]}}],"collection":[{"href":"https:\/\/tc-kirchheim-schwaben.de\/index.php?rest_route=\/wp\/v2\/posts"}],"about":[{"href":"https:\/\/tc-kirchheim-schwaben.de\/index.php?rest_route=\/wp\/v2\/types\/post"}],"author":[{"embeddable":true,"href":"https:\/\/tc-kirchheim-schwaben.de\/index.php?rest_route=\/wp\/v2\/users\/1"}],"replies":[{"embeddable":true,"href":"https:\/\/tc-kirchheim-schwaben.de\/index.php?rest_route=%2Fwp%2Fv2%2Fcomments&post=2749156"}],"version-history":[{"count":1,"href":"https:\/\/tc-kirchheim-schwaben.de\/index.php?rest_route=\/wp\/v2\/posts\/2749156\/revisions"}],"predecessor-version":[{"id":2749158,"href":"https:\/\/tc-kirchheim-schwaben.de\/index.php?rest_route=\/wp\/v2\/posts\/2749156\/revisions\/2749158"}],"wp:attachment":[{"href":"https:\/\/tc-kirchheim-schwaben.de\/index.php?rest_route=%2Fwp%2Fv2%2Fmedia&parent=2749156"}],"wp:term":[{"taxonomy":"category","embeddable":true,"href":"https:\/\/tc-kirchheim-schwaben.de\/index.php?rest_route=%2Fwp%2Fv2%2Fcategories&post=2749156"},{"taxonomy":"post_tag","embeddable":true,"href":"https:\/\/tc-kirchheim-schwaben.de\/index.php?rest_route=%2Fwp%2Fv2%2Ftags&post=2749156"}],"curies":[{"name":"wp","href":"https:\/\/api.w.org\/{rel}","templated":true}]}}