{"id":2749349,"date":"2024-03-11T17:14:38","date_gmt":"2024-03-11T16:14:38","guid":{"rendered":"https:\/\/tc-kirchheim-schwaben.de\/?p=2749349"},"modified":"2024-03-11T17:34:34","modified_gmt":"2024-03-11T16:34:34","slug":"aktuelle-news-zum-tck-es-kann-losgehen","status":"publish","type":"post","link":"https:\/\/tc-kirchheim-schwaben.de\/?p=2749349","title":{"rendered":"Aktuelle News zum TCK &#8211; Es kann losgehen!"},"content":{"rendered":"\n<p>Liebe Mitglieder und Freunde des TC Kirchheim Schwaben 1979 e.V.,<br>wir m\u00f6chten euch an dieser Stelle \u00fcber alle Neuigkeiten rund um den TC Kirchheim Schwaben informieren und auch einen kleinen Ausblick zur Saison 2024 geben.<\/p>\n\n\n\n<div class=\"wp-block-columns is-layout-flex wp-container-core-columns-is-layout-9d6595d7 wp-block-columns-is-layout-flex\">\n<div class=\"wp-block-column is-layout-flow wp-block-column-is-layout-flow\" style=\"flex-basis:66.66%\">\n<p><strong>Wechsel in der Vorstandschaft<\/strong><br>An der Generalversammlung des TC Kirchheim am 16.02.2024 wurde Stefan Gutser nach vielen Jahren als Vorstandsmitglied und als erster Vorstand von Marc Mendel abgel\u00f6st. <br>Stefan leistete in den letzten Jahren eine tolle Arbeit und Marc f\u00fchrt diese nun fort. Zum Einen m\u00f6chte er das Thema &#8222;Digitalisierung&#8220; des TC Kirchheim vorantreiben und zum Anderen das <strong>&#8222;WIR-Gef\u00fchl&#8220;<\/strong> im Verein wieder aufleben lassen und st\u00e4rken. <\/p>\n<\/div>\n\n\n\n<div class=\"wp-block-column is-layout-flow wp-block-column-is-layout-flow\" style=\"flex-basis:33.33%\">\n<figure class=\"wp-block-image size-full\"><a href=\"http:\/\/tc-kirchheim-schwaben.de\/wp-content\/uploads\/2024\/03\/Vorstandswechsel.png\"><img loading=\"lazy\" decoding=\"async\" width=\"499\" height=\"515\" src=\"http:\/\/tc-kirchheim-schwaben.de\/wp-content\/uploads\/2024\/03\/Vorstandswechsel.png\" alt=\"\" class=\"wp-image-2749352\" srcset=\"https:\/\/tc-kirchheim-schwaben.de\/wp-content\/uploads\/2024\/03\/Vorstandswechsel.png 499w, https:\/\/tc-kirchheim-schwaben.de\/wp-content\/uploads\/2024\/03\/Vorstandswechsel-291x300.png 291w, https:\/\/tc-kirchheim-schwaben.de\/wp-content\/uploads\/2024\/03\/Vorstandswechsel-124x128.png 124w, https:\/\/tc-kirchheim-schwaben.de\/wp-content\/uploads\/2024\/03\/Vorstandswechsel-32x32.png 32w\" sizes=\"auto, (max-width: 499px) 100vw, 499px\" \/><\/a><\/figure>\n<\/div>\n<\/div>\n\n\n\n<hr class=\"wp-block-separator has-alpha-channel-opacity\"\/>\n\n\n\n<p><strong>Verantwortlichkeiten im Verein<\/strong><br>Nachdem in der Vergangenheit <strong>Stefan Gutser<\/strong> allgemeiner Ansprechpartner f\u00fcr alle Bereiche des TCK war, m\u00f6chten wir euch die Verantwortlichkeiten der Vorstandsmitglieder nahebringen, damit ihr k\u00fcnftig immer den passenden Ansprechpartner f\u00fcr eure Fragen und Bed\u00fcrfnisse findet.<br>Nat\u00fcrlich bleibt der 1. Vorstand weiterhin allgemeiner Ansprechpartner f\u00fcr alle Themen rund um den TCK und kann diese Themen auch entsprechend verteilen oder weitergeben. Marc Mendel wird hier f\u00fcr <strong>jeden<\/strong> ein offenes Ohr haben. Sprecht ihn also gerne an, wenn ihr bestimmte Themen besprechen wollt, Fragen habt oder es um unsere Homepage geht. Seine Vertretung ist <strong>Sabrina Danner<\/strong>.<br><strong>Tamara Paul<\/strong> ist f\u00fcr alle Themen rund um den Jugendbereich zust\u00e4ndig. Bitte geht daher jederzeit auf Tamara zu, wenn es um den Jugendbereich geht. Ihre Vertreterin ist <strong>Alexandra Wiedemann-Rogg<\/strong>.<br>Sofern es um Themen rund um die Anlage geht, d\u00fcrft ihr mit <strong>Roman Nell<\/strong> oder <strong>Stefan Ringler<\/strong> in Kontakt treten. Sie regeln alle Belange rund um unsere sch\u00f6ne Anlage und die Pl\u00e4tze.<br><strong>Jessica Graf<\/strong> ist Sportwartin des TCK und steht daher in Kontakt mit dem BTV bzgl. Mannschaftsmeldung und Co. Des Weiteren wird sie f\u00fcr LK-Turniere, Jugend-Turniere und weitere interne Turniere zust\u00e4ndig sein. Sie wird von <strong>Julia Steinert<\/strong> vertreten.<br>Alles zum Thema &#8222;Vereinsleben&#8220; und &#8222;Social Media&#8220; wird ab sofort von <strong>Julia Steinert<\/strong> betreut. Sofern ihr also Ideen oder Eventvorschl\u00e4ge f\u00fcr den Verein habt oder es um das Thema &#8222;Social Media&#8220; geht, sprecht gerne Julia an. Sie ist nat\u00fcrlich f\u00fcr Ideen &amp; Vorschl\u00e4ge zu diesen Themen sehr dankbar. Ihre Vertretung ist <strong>Tamara Paul<\/strong>.<br>Nat\u00fcrlich d\u00fcrft ihr jederzeit auch gerne die Vertretung ansprechen, wenn ihr diese Person besser kennt oder einen besseren Draht zu dieser habt. <\/p>\n\n\n\n<hr class=\"wp-block-separator has-alpha-channel-opacity\"\/>\n\n\n\n<div class=\"wp-block-columns is-layout-flex wp-container-core-columns-is-layout-9d6595d7 wp-block-columns-is-layout-flex\">\n<div class=\"wp-block-column is-vertically-aligned-center is-layout-flow wp-block-column-is-layout-flow\"><div class=\"wp-block-image\">\n<figure class=\"aligncenter size-large is-resized\"><a href=\"http:\/\/tc-kirchheim-schwaben.de\/wp-content\/uploads\/2024\/03\/WhatsApp-Image-2024-03-11-at-07.37.59.jpeg\"><img loading=\"lazy\" decoding=\"async\" width=\"1024\" height=\"953\" src=\"http:\/\/tc-kirchheim-schwaben.de\/wp-content\/uploads\/2024\/03\/WhatsApp-Image-2024-03-11-at-07.37.59-1024x953.jpeg\" alt=\"\" class=\"wp-image-2749347\" style=\"width:417px;height:auto\" srcset=\"https:\/\/tc-kirchheim-schwaben.de\/wp-content\/uploads\/2024\/03\/WhatsApp-Image-2024-03-11-at-07.37.59-1024x953.jpeg 1024w, https:\/\/tc-kirchheim-schwaben.de\/wp-content\/uploads\/2024\/03\/WhatsApp-Image-2024-03-11-at-07.37.59-300x279.jpeg 300w, https:\/\/tc-kirchheim-schwaben.de\/wp-content\/uploads\/2024\/03\/WhatsApp-Image-2024-03-11-at-07.37.59-768x714.jpeg 768w, https:\/\/tc-kirchheim-schwaben.de\/wp-content\/uploads\/2024\/03\/WhatsApp-Image-2024-03-11-at-07.37.59-1536x1429.jpeg 1536w, https:\/\/tc-kirchheim-schwaben.de\/wp-content\/uploads\/2024\/03\/WhatsApp-Image-2024-03-11-at-07.37.59-128x119.jpeg 128w, https:\/\/tc-kirchheim-schwaben.de\/wp-content\/uploads\/2024\/03\/WhatsApp-Image-2024-03-11-at-07.37.59-32x30.jpeg 32w, https:\/\/tc-kirchheim-schwaben.de\/wp-content\/uploads\/2024\/03\/WhatsApp-Image-2024-03-11-at-07.37.59-1170x1088.jpeg 1170w, https:\/\/tc-kirchheim-schwaben.de\/wp-content\/uploads\/2024\/03\/WhatsApp-Image-2024-03-11-at-07.37.59.jpeg 2048w\" sizes=\"auto, (max-width: 1024px) 100vw, 1024px\" \/><\/a><\/figure>\n<\/div><\/div>\n\n\n\n<div class=\"wp-block-column is-vertically-aligned-center is-layout-flow wp-block-column-is-layout-flow\">\n<p><strong>Neue Sponsoren<\/strong><br>Wir d\u00fcrfen das &#8222;Autohaus Kriener&#8220; und &#8222;Hair by Manu&#8220; auf unserer Sponsorentafel begr\u00fc\u00dfen. Wir bedanken uns an dieser Stelle auch bei &#8222;Heilpraktikerin Christiane Ringler&#8220; und &#8222;GraficArts PhotoArts&#8220; f\u00fcr die Unterst\u00fctzung auf der Sponsorentafel.<\/p>\n<\/div>\n<\/div>\n\n\n\n<hr class=\"wp-block-separator has-alpha-channel-opacity\"\/>\n\n\n\n<p><strong>TCK Mannschaftsmeldung 2024<\/strong><br>Dieses Jahr gehen insgesamt zehn Mannschaften f\u00fcr den TC Kirchheim an den Start.<br>F\u00fcnf Jugend- und f\u00fcnf Erwachsenenteams werden an den Wochenenden ab Mai ihr Bestes f\u00fcr den TCK geben. Neu gegr\u00fcndet wurde die Herren 30 Mannschaft.<\/p>\n\n\n\n<hr class=\"wp-block-separator has-alpha-channel-opacity\"\/>\n\n\n\n<p><strong>Wichtiger Arbeitseinsatz &#8211; Samstag, den 23.03.2024<\/strong><br>Sofern das Wetter mitspielt, planen wir am Samstag, den 23.03.2024 den gro\u00dfen Arbeitseinsatz, bei welchem wir die Pl\u00e4tze auf Vordermann bringen wollen. An diesem Tag werden die Pl\u00e4tze aufgesandet.<br>Es w\u00e4re daher unheimlich wichtig, dass sich so viele Helfer wie nur m\u00f6glich auf unserer Anlage einfinden und den Verein unterst\u00fctzen. Nur so k\u00f6nnen wir gew\u00e4hrleisten, dass die Pl\u00e4tze fr\u00fchzeitig ge\u00f6ffnet werden k\u00f6nnen, um vor den ersten Ligaspielen noch genug Trainingseinheiten bestreiten zu k\u00f6nnen.<br>Bitte plant euch den Termin ein, da es sicherlich der gr\u00f6\u00dfte und wichtigste Arbeitseinsatz im ganzen Jahr ist! Es wird auch viel &#8222;Manneskraft&#8220; ben\u00f6tigt, damit die vollen Schubkarren mit dem Sand entsprechend verteilt werden k\u00f6nnen. Aber es wird auch Arbeit f\u00fcr die j\u00fcngeren Mitglieder geben.<br>Wir m\u00f6chten uns heute schon bedanken, dass ihr euch an diesem Tag die Zeit nehmt!<\/p>\n\n\n\n<hr class=\"wp-block-separator has-alpha-channel-opacity\"\/>\n\n\n\n<div class=\"wp-block-columns is-layout-flex wp-container-core-columns-is-layout-9d6595d7 wp-block-columns-is-layout-flex\">\n<div class=\"wp-block-column is-layout-flow wp-block-column-is-layout-flow\" style=\"flex-basis:66.66%\">\n<p><strong>Dartscheibe f\u00fcr das Tennisheim<\/strong><br>Der Dartsport begeistert Jahr f\u00fcr Jahr immer mehr Menschen. Daher haben wir in der Vorstandschaft beschlossen, eine Dartscheibe anzuschaffen und diese am Schl\u00fcsselkasten anzubringen. Es ist ebenso geplant, dass es auch Dartpfeile geben wird, sodass nicht jeder, der &#8222;mal werfen&#8220; m\u00f6chte, eigene Dartpfeile mitbringen muss. Die Dartscheibe wird im Tennisheim gelagert und kann bei Interesse dann aufgeh\u00e4ngt und bespielt werden. Weitere Infos dazu folgen, sobald diese zur Verf\u00fcgung steht.<\/p>\n<\/div>\n\n\n\n<div class=\"wp-block-column is-vertically-aligned-center is-layout-flow wp-block-column-is-layout-flow\" style=\"flex-basis:33.33%\">\n<figure class=\"wp-block-image size-full is-resized\"><a href=\"https:\/\/tc-kirchheim-schwaben.de\/wp-content\/uploads\/2024\/03\/image-2.png\"><img loading=\"lazy\" decoding=\"async\" width=\"602\" height=\"474\" src=\"https:\/\/tc-kirchheim-schwaben.de\/wp-content\/uploads\/2024\/03\/image-2.png\" alt=\"\" class=\"wp-image-2749357\" style=\"width:311px;height:auto\" srcset=\"https:\/\/tc-kirchheim-schwaben.de\/wp-content\/uploads\/2024\/03\/image-2.png 602w, https:\/\/tc-kirchheim-schwaben.de\/wp-content\/uploads\/2024\/03\/image-2-300x236.png 300w, https:\/\/tc-kirchheim-schwaben.de\/wp-content\/uploads\/2024\/03\/image-2-128x101.png 128w, https:\/\/tc-kirchheim-schwaben.de\/wp-content\/uploads\/2024\/03\/image-2-32x25.png 32w\" sizes=\"auto, (max-width: 602px) 100vw, 602px\" \/><\/a><\/figure>\n<\/div>\n<\/div>\n","protected":false},"excerpt":{"rendered":"<p>Liebe Mitglieder und Freunde des TC Kirchheim Schwaben 1979 e.V.,wir m\u00f6chten euch an dieser Stelle \u00fcber alle Neuigkeiten rund um den TC Kirchheim Schwaben informieren und auch einen kleinen Ausblick zur Saison 2024 geben. Wechsel in der VorstandschaftAn der Generalversammlung&#8230;<br \/><a class=\"read-more-button\" href=\"https:\/\/tc-kirchheim-schwaben.de\/?p=2749349\">Read more<\/a><\/p>\n","protected":false},"author":2,"featured_media":0,"comment_status":"closed","ping_status":"closed","sticky":false,"template":"","format":"standard","meta":{"footnotes":""},"categories":[4],"tags":[],"class_list":["post-2749349","post","type-post","status-publish","format-standard","hentry","category-news"],"_links":{"self":[{"href":"https:\/\/tc-kirchheim-schwaben.de\/index.php?rest_route=\/wp\/v2\/posts\/2749349","targetHints":{"allow":["GET"]}}],"collection":[{"href":"https:\/\/tc-kirchheim-schwaben.de\/index.php?rest_route=\/wp\/v2\/posts"}],"about":[{"href":"https:\/\/tc-kirchheim-schwaben.de\/index.php?rest_route=\/wp\/v2\/types\/post"}],"author":[{"embeddable":true,"href":"https:\/\/tc-kirchheim-schwaben.de\/index.php?rest_route=\/wp\/v2\/users\/2"}],"replies":[{"embeddable":true,"href":"https:\/\/tc-kirchheim-schwaben.de\/index.php?rest_route=%2Fwp%2Fv2%2Fcomments&post=2749349"}],"version-history":[{"count":6,"href":"https:\/\/tc-kirchheim-schwaben.de\/index.php?rest_route=\/wp\/v2\/posts\/2749349\/revisions"}],"predecessor-version":[{"id":2749365,"href":"https:\/\/tc-kirchheim-schwaben.de\/index.php?rest_route=\/wp\/v2\/posts\/2749349\/revisions\/2749365"}],"wp:attachment":[{"href":"https:\/\/tc-kirchheim-schwaben.de\/index.php?rest_route=%2Fwp%2Fv2%2Fmedia&parent=2749349"}],"wp:term":[{"taxonomy":"category","embeddable":true,"href":"https:\/\/tc-kirchheim-schwaben.de\/index.php?rest_route=%2Fwp%2Fv2%2Fcategories&post=2749349"},{"taxonomy":"post_tag","embeddable":true,"href":"https:\/\/tc-kirchheim-schwaben.de\/index.php?rest_route=%2Fwp%2Fv2%2Ftags&post=2749349"}],"curies":[{"name":"wp","href":"https:\/\/api.w.org\/{rel}","templated":true}]}}